{"id":2690,"date":"2021-02-01T15:15:22","date_gmt":"2021-02-01T14:15:22","guid":{"rendered":"https:\/\/www.alws.at\/?p=2690"},"modified":"2021-07-06T14:58:48","modified_gmt":"2021-07-06T12:58:48","slug":"12-ludwig-wittgenstein-summerschool","status":"publish","type":"post","link":"https:\/\/www.alws.at\/de\/12-ludwig-wittgenstein-summerschool\/","title":{"rendered":"12. Ludwig Wittgenstein Summerschool"},"content":{"rendered":"<div>3. August\u00a0 \u2013 7. August 2021<\/div>\n<h1>Wittgenstein and Conceptual Complexity<\/h1>\n<div><strong>mit Volker A. Munz (Klagenfurt) &amp; Oskari Kuusela (East Anglia)<\/strong><\/div>\n<div><strong>Wissenschaftliche Leitung und Organisation: Volker A. Munz (Klagenfurt)<\/strong><\/div>\n<div><span style=\"color: #333399;\">[Leider musste Lars Hertzberg aus gesundheitlichen Gr\u00fcnden seine Teilnahme kurzfristig absagen.<\/span><br \/>\n<span style=\"color: #333399;\">Die Summer School wird dennoch wie geplant \u2013 allerdings unter der Leitung von Oskari Kuusela und Volker Munz \u2013 stattfinden.]<\/span><\/div>\n<div>&#8211; &#8211; &#8211;<\/div>\n<div><\/div>\n<div>\n<p><strong>This year\u2019s Summer School will exceptionally take place at the<\/strong><br \/>\n<strong>University of Klagenfurt. The dates remain the same (August 3-7, 2021).<\/strong><\/p>\n<p>The move to the University of Klagenfurt also involves some formal and organisational changes:<\/p>\n<p>The registration form should still be filled out.<\/p>\n<p>The summer school fees will be reduced to 60 \u20ac, including the opening informal gathering (August 3) and a closing lunch (August 7). All other costs (accommodation, food, etc.) will be the responsibility of the individual.<\/p>\n<p>Below, we have provided a list of hotels, guesthouses, and a camping place nearby the university. You are free to choose which accomodation you prefer and should book individually (Please do refer to the contingent reserved by the ALWS \/ University of Klagenfurt.) Since the reservation deadlines for bookings a very strict now, you should immediately book after your acceptance to the summer school. (June 15 at the latest, since Klagenfurt is booked out during the summer).<\/p>\n<p>Klagenfurt has its own airport, which should resume operations in June (other airports nearby are Graz and Ljubljana). The train distance between Klagenfurt and Vienna is about 4 hours, Graz \u2013 Klagenfurt about 2 hours. Ljubljana \u2013 Klagenfurt about 1.5 hours).<\/p>\n<p><strong>We will keep you updated about forthcoming Corona regulations.<\/strong><br \/>\n<strong>If you have further questions, please contact our office manager Margret Kronaus (alws@aon.at).<\/strong><\/p>\n<p><strong>Camping Klagenfurt<\/strong><\/p>\n<p>21 EURO per person\/per night\/without breakfast\/ without car,<br \/>\nyou have to bring your own tent<br \/>\nhttps:\/\/www.camping-woerthersee.at\/<\/p>\n<p>&nbsp;<\/p>\n<p><strong>Hotels\/Pension\/Youth Hostel<\/strong><\/p>\n<p>Seepark Hotel 172,60 EURO<br \/>\nhttps:\/\/www.seeparkhotel.at\/de\/<\/p>\n<p>Single room*<br \/>\ndouble room for single occupancy*<\/p>\n<p>Alpen Adria Stadthotel 48 EURO<br \/>\nhttp:\/\/alpenadria-stadthotel.at\/index.php<\/p>\n<p>Pension Wachau 55 EURO &#8211; 65 EURO<\/p>\n<blockquote class=\"wp-embedded-content\" data-secret=\"pwRaq9xLSU\"><p><a href=\"http:\/\/pension-wachau.at\/\">Home<\/a><\/p><\/blockquote>\n<p><iframe loading=\"lazy\" class=\"wp-embedded-content\" sandbox=\"allow-scripts\" security=\"restricted\" style=\"position: absolute; clip: rect(1px, 1px, 1px, 1px);\" title=\"&#8222;Home&#8220; &#8212; Pension Wachau\" src=\"http:\/\/pension-wachau.at\/embed\/#?secret=pwRaq9xLSU\" data-secret=\"pwRaq9xLSU\" width=\"600\" height=\"338\" frameborder=\"0\" marginwidth=\"0\" marginheight=\"0\" scrolling=\"no\"><\/iframe><\/p>\n<p>AllYouNeed Hotel Klagenfurt 66 EURO<br \/>\nhttps:\/\/www.allyouneedhotels.at\/hotels-wien-salzburg-klagenfurt\/allyouneed-hotel-klagenfurt\/<\/p>\n<p>Jugendg\u00e4stehaus Klagenfurt 25 EURO (only 4 bedrooms)<\/p>\n<blockquote class=\"wp-embedded-content\" data-secret=\"oxYNHzin7K\"><p><a href=\"https:\/\/www.oejhv.at\/jugendherbergen\/kaernten\/klagenfurt\/\">Klagenfurt<\/a><\/p><\/blockquote>\n<p><iframe loading=\"lazy\" class=\"wp-embedded-content\" sandbox=\"allow-scripts\" security=\"restricted\" style=\"position: absolute; clip: rect(1px, 1px, 1px, 1px);\" title=\"&#8222;Klagenfurt&#8220; &#8212; \u00d6sterreichischer Jugendherbergsverband\" src=\"https:\/\/www.oejhv.at\/jugendherbergen\/kaernten\/klagenfurt\/embed\/#?secret=oxYNHzin7K\" data-secret=\"oxYNHzin7K\" width=\"600\" height=\"338\" frameborder=\"0\" marginwidth=\"0\" marginheight=\"0\" scrolling=\"no\"><\/iframe><\/p>\n<p>* per night and per person with breakfast in EURO<\/p>\n<p><em>PLEASE NOTE: these are only approximate prices and minor changes are possible!<\/em><\/p>\n<\/div>\n<div><\/div>\n<div>H\u00f6chstteilnehmer*innenzahl: <strong>40<\/strong><\/div>\n<div>Erweiterte Deadline f\u00fcr Anmeldung und Zahlung der Teilnehmer*innengeb\u00fchr: <strong>31. Mai 2021<\/strong> (Sp\u00e4ter einlangende Bewerbungen k\u00f6nnen leider nicht ber\u00fccksichtigt werden.)<\/div>\n<div>Antwort auf Ihre Bewerbung erhalten Sie bis: <strong>10. Juni 2021<\/strong> (Bei Nicht-Akzeptanz der Bewerbung werden die Geb\u00fchren zur G\u00e4nze r\u00fcckerstattet.)<\/div>\n<div><\/div>\n<div><\/div>\n<div>Qualifikationen: Die Summer School richtet sich an fortgeschrittene Studierende der Philosophie. Unterrichtssprache ist Englisch.<br \/>\nEin Basiswissen zur Philosophie Wittgensteins ist von Vorteil.<br \/>\nBewerber*innen werden gebeten, der Bewerbung ein Sammelzeugnis und ein dreiseitiges Essay zum heurigen Thema:\u00a0<em>Wittgenstein and Conceptual Complexity<\/em> (Literatur siehe unten) beizulegen.<\/div>\n<div>Informationen hinsichtlich aktueller COVID-19 Bedingungen werden wir auf der Einstiegsseite unserer Homepage ver\u00f6ffentlichen.<\/div>\n<div><\/div>\n<div><span style=\"color: #808080;\">Download-Link des Posters: <a href=\"https:\/\/www.alws.at\/alws\/wp-content\/uploads\/2021\/02\/Summer_school_A3_2021.pdf\">Summer_school_A3_2021<\/a><\/span><\/div>\n<div><span style=\"color: #808080;\">Download-Link des Anmeldeformulars: <\/span><a href=\"https:\/\/www.alws.at\/alws\/wp-content\/uploads\/2020\/11\/Summer_school_2021_registration.pdf\"><span style=\"color: #808080;\">Summer_school_2021_registration<\/span><\/a><\/div>\n<div><\/div>\n<div><\/div>\n<div>\n<p>&nbsp;<\/p>\n<p>&nbsp;<\/p>\n<h2>Syllabus for the<br \/>\n12th Ludwig Wittgenstein Summer School 2021<br \/>\nWittgenstein and Conceptual Complexity<br \/>\nLars Hertzberg and Oskari Kuusela<\/h2>\n<p>Wittgenstein:<\/p>\n<p>Family-resemblance and some other complex concepts<br \/>\nPI \u00a7\u00a765-88, AWL Pt. I \u00a7\u00a731-33 (13pp.)<\/p>\n<p>Expressive and descriptive uses, asymmetry in the use of psychological concepts, and secondary sense (or uses based and not based on criteria)<br \/>\nPI \u00a7\u00a7244, 256-265, 282, 291-293, 299, 303-308, 317, 340, 403-406, 576-589 PI II ix, PI II \u00a7\u00a7273-278; RPP I \u00a7\u00a7125-126; RPP II \u00a7\u00a763, 148; LW I \u00a7\u00a727-51, 72-79 (21pp.)<\/p>\n<p>Meaning, understanding and experience<br \/>\nPI \u00a743, \u00a7\u00a7527-535, PI II vi; LW I \u00a7\u00a752-80 (10pp.)<\/p>\n<p>Secondary readings:<\/p>\n<p>R. W. Beardsmore, \u201cArt and Family Resemblances\u201d,\u00a0<em>Philosophical Investigations<\/em>\u00a018 (1995), pp. 199-215.<br \/>\nKuusela, Oskari. \u201cWittgenstein and the Problem of Consciousness\u201d, in: Stephen Leach and James Tartaglia eds., <em>Consciousness and the Great Philosophers<\/em>. London: Routledge, 2016. [Illustrates the philosophical importance of noticing the first-third person asymmetry of psychological concepts.]<br \/>\nKuusela, Oskari. \u201cWittgenstein and the Unity of Good\u201d, <em>European Journal of Philosophy<\/em> 2020, 28: 2, pp. 428-444. [Discusses family resemblance and other complex concepts.]<br \/>\nLurie, Yuval. \u201cPsychological Concepts\u201d, in: Anat Matar, ed., <em>Understanding Wittgenstein, Understanding Modernism<\/em>. New York et al: Bloomsbury, 2017.<br \/>\nWaismann, Friedrich. \u201cVerifiability\u201d, in: Antony Flew, ed., <em>Logic and Language<\/em>, the First Series. Oxford: Blackwell, 1951.<\/p>\n<\/div>\n","protected":false},"excerpt":{"rendered":"<p>3. August\u00a0 \u2013 7. August 2021 Wittgenstein and Conceptual Complexity mit Volker A. Munz (Klagenfurt) &amp; Oskari Kuusela (East Anglia) Wissenschaftliche Leitung und Organisation: Volker A. Munz (Klagenfurt) [Leider musste Lars Hertzberg aus gesundheitlichen Gr\u00fcnden seine Teilnahme kurzfristig absagen. Die Summer School wird dennoch wie geplant \u2013 allerdings unter der Leitung von Oskari Kuusela und [&hellip;]<\/p>\n","protected":false},"author":1,"featured_media":0,"comment_status":"open","ping_status":"open","sticky":false,"template":"","format":"standard","meta":{"footnotes":""},"categories":[32],"tags":[],"class_list":["post-2690","post","type-post","status-publish","format-standard","hentry","category-summerschool"],"_links":{"self":[{"href":"https:\/\/www.alws.at\/de\/wp-json\/wp\/v2\/posts\/2690","targetHints":{"allow":["GET"]}}],"collection":[{"href":"https:\/\/www.alws.at\/de\/wp-json\/wp\/v2\/posts"}],"about":[{"href":"https:\/\/www.alws.at\/de\/wp-json\/wp\/v2\/types\/post"}],"author":[{"embeddable":true,"href":"https:\/\/www.alws.at\/de\/wp-json\/wp\/v2\/users\/1"}],"replies":[{"embeddable":true,"href":"https:\/\/www.alws.at\/de\/wp-json\/wp\/v2\/comments?post=2690"}],"version-history":[{"count":16,"href":"https:\/\/www.alws.at\/de\/wp-json\/wp\/v2\/posts\/2690\/revisions"}],"predecessor-version":[{"id":2814,"href":"https:\/\/www.alws.at\/de\/wp-json\/wp\/v2\/posts\/2690\/revisions\/2814"}],"wp:attachment":[{"href":"https:\/\/www.alws.at\/de\/wp-json\/wp\/v2\/media?parent=2690"}],"wp:term":[{"taxonomy":"category","embeddable":true,"href":"https:\/\/www.alws.at\/de\/wp-json\/wp\/v2\/categories?post=2690"},{"taxonomy":"post_tag","embeddable":true,"href":"https:\/\/www.alws.at\/de\/wp-json\/wp\/v2\/tags?post=2690"}],"curies":[{"name":"wp","href":"https:\/\/api.w.org\/{rel}","templated":true}]}}