{"id":311,"date":"2018-04-15T14:47:15","date_gmt":"2018-04-15T12:47:15","guid":{"rendered":"http:\/\/localhost:8888\/blog\/?p=311"},"modified":"2025-08-17T10:40:41","modified_gmt":"2025-08-17T08:40:41","slug":"publikationen-beim-ontos-verlag","status":"publish","type":"post","link":"https:\/\/www.alws.at\/de\/publikationen-beim-ontos-verlag\/","title":{"rendered":"Beim Ontos- und DeGruyter-Verlag"},"content":{"rendered":"<p>Esther Heinrich-Ramharter \/ Alois Pichler \/ Friedrich Stadler<br \/>\n<a href=\"https:\/\/www.degruyterbrill.com\/document\/doi\/10.1515\/9783111453040\/html\" target=\"_blank\" rel=\"noopener\">100 Years of \u203aTractatus Logico-Philosophicus\u2039 \u2013 70 Years after Wittgenstein\u2019s Death<\/a><br \/>\n<img decoding=\"async\" class=\"coverImage ga_cover_image_product\" src=\"https:\/\/www.degruyterbrill.com\/document\/cover\/isbn\/9783111453040\/product_pages\" alt=\"book: 100 Years of \u203aTractatus Logico-Philosophicus\u2039 \u2013 70 Years after Wittgenstein\u2019s Death\" width=\"200\" height=\"auto\" \/><br \/>\nProceedings of the 44th International Wittgenstein Symposium in Kirchberg<\/p>\n<p>&nbsp;<\/p>\n<p>Herbert Hrachovec \/ Jakub M\u00e1cha<br \/>\n<a href=\"https:\/\/www.degruyter.com\/document\/doi\/10.1515\/9783111386294\/html\" target=\"_blank\" rel=\"noopener\">Platonism<\/a><br \/>\n<img decoding=\"async\" class=\"coverImage ga_cover_image_product\" src=\"https:\/\/www.degruyterbrill.com\/document\/cover\/isbn\/9783111386294\/product_pages\" alt=\"book: Platonism\" width=\"200\" height=\"auto\" \/><br \/>\nProceedings of the 43rd International Wittgenstein Symposium in Kirchberg<\/p>\n<p>&nbsp;<\/p>\n<p>Anne Siegetsleitner \/ Andreas Oberprantacher \/ Marie-Luisa Frick \/ Ulrich Metschl<br \/>\n<a href=\"https:\/\/www.degruyter.com\/document\/doi\/10.1515\/9783110702255\/html\" target=\"_blank\" rel=\"noopener\">Crisis and Critique: Philosophical Analysis and Current Events<\/a><br \/>\n<img loading=\"lazy\" decoding=\"async\" class=\"\" src=\"https:\/\/www.degruyter.com\/document\/cover\/isbn\/9783110702255\/product_pages\" alt=\"book: Crisis and Critique: Philosophical Analysis and Current Events\" width=\"150\" height=\"221\" \/><br \/>\nProceedings of the 42nd International Wittgenstein Symposium in Kirchberg<\/p>\n<p>&nbsp;<\/p>\n<p>Gabriele M. Mras \/Paul Weingartner \/ Bernhard Ritter<br \/>\n<a href=\"https:\/\/www.degruyter.com\/document\/doi\/10.1515\/9783110657883\/html\" target=\"_blank\" rel=\"noopener\">Philosophy of Logic and Mathematics<\/a><br \/>\n<img loading=\"lazy\" decoding=\"async\" class=\"\" src=\"https:\/\/www.degruyter.com\/document\/cover\/isbn\/9783110657883\/product_pages\" alt=\"book: Philosophy of Logic and Mathematics\" width=\"150\" height=\"221\" \/><br \/>\nProceedings of the 41st International Wittgenstein Symposium in Kirchberg<\/p>\n<p>&nbsp;<\/p>\n<p>Christoph Limbeck-Lilienau \/ Friedrich Stadler<br \/>\n<a href=\"https:\/\/www.degruyter.com\/document\/doi\/10.1515\/9783110657920\/html\" target=\"_blank\" rel=\"noopener\">The Philosophy of Perception<\/a><br \/>\n<img loading=\"lazy\" decoding=\"async\" class=\"\" src=\"https:\/\/www.degruyter.com\/document\/cover\/isbn\/9783110657920\/product_pages\" alt=\"book: The Philosophy of Perception\" width=\"154\" height=\"227\" \/><br \/>\nProceedings of the 40th International Wittgenstein Symposium in Kirchberg<\/p>\n<p>&nbsp;<\/p>\n<p>Majetschak, Stefan \/ Weiberg, Anja<br \/>\n<a href=\"https:\/\/www.degruyter.com\/view\/product\/487668\" target=\"_blank\" rel=\"noopener\">Aesthetics Today<\/a><br \/>\n<img loading=\"lazy\" decoding=\"async\" class=\"alignnone size-full wp-image-1792\" src=\"http:\/\/www.alws.at\/alws\/wp-content\/uploads\/2018\/06\/2016.jpg\" alt=\"2016 Aesthetics Today\" width=\"150\" height=\"221\" \/><br \/>\nContemporary Approaches to the Aesthetics of Nature and of Arts. Proceedings of the 39th International Wittgenstein Symposium in Kirchberg<\/p>\n<p>&nbsp;<\/p>\n<p>Kanzian, Christian \/ Kletzl, Sebastian \/ Mitterer, Josef \/ Neges, Katharina<br \/>\n<a href=\"https:\/\/www.degruyter.com\/view\/product\/468832\" target=\"_blank\" rel=\"noopener\">Realism &#8211; Relativism &#8211; Constructivism<\/a><br \/>\n<img loading=\"lazy\" decoding=\"async\" class=\"alignnone size-full wp-image-1791\" src=\"http:\/\/www.alws.at\/alws\/wp-content\/uploads\/2018\/06\/2015.jpg\" alt=\"2015 Realism Relativism Constructivism\" width=\"150\" height=\"221\" \/><br \/>\nProceedings of the 38th International Wittgenstein Symposium in Kirchberg<\/p>\n<p>&nbsp;<\/p>\n<p>Rinofner-Kreidl, Sonja \/ Wiltsche, Harald A.<br \/>\n<a href=\"https:\/\/www.degruyter.com\/view\/product\/463465\" target=\"_blank\" rel=\"noopener\">Analytic and Continental Philosophy<\/a><br \/>\n<img loading=\"lazy\" decoding=\"async\" class=\"alignnone size-full wp-image-1790\" src=\"http:\/\/www.alws.at\/alws\/wp-content\/uploads\/2018\/06\/2014.jpg\" alt=\"2014 Analytic and Continental Philosophy\" width=\"150\" height=\"221\" \/><br \/>\nMethods and Perspectives. Proceedings of the 37th International Wittgenstein Symposium<\/p>\n<p>&nbsp;<\/p>\n<p>Moyal-Sharrock, Dani\u00e8le \/ Munz, Volker \/ Coliva, Annalisa<br \/>\n<a href=\"https:\/\/www.degruyter.com\/view\/product\/433938\" target=\"_blank\" rel=\"noopener\">Mind, Language and Action<\/a><br \/>\n<img loading=\"lazy\" decoding=\"async\" class=\"alignnone size-full wp-image-1789\" src=\"http:\/\/www.alws.at\/alws\/wp-content\/uploads\/2018\/06\/2013.jpg\" alt=\"2013 Mind Language and Action\" width=\"150\" height=\"221\" \/><br \/>\nProceedings of the 36th International Wittgenstein Symposium<\/p>\n<p>&nbsp;<\/p>\n<p>Gierlinger, Frederik A. \/ Riegelnik, \u0160tefan<br \/>\n<a href=\"https:\/\/www.degruyter.com\/view\/product\/254713\" target=\"_blank\" rel=\"noopener\">Wittgenstein on Colour<\/a><br \/>\n<img loading=\"lazy\" decoding=\"async\" class=\"alignnone size-full wp-image-1788\" src=\"http:\/\/www.alws.at\/alws\/wp-content\/uploads\/2018\/06\/wittgensteinoncolor.jpg\" alt=\"\" width=\"150\" height=\"222\" \/><\/p>\n<p>&nbsp;<\/p>\n<p>Greif, Hajo \/ Weiss, Martin Gerhard<br \/>\n<a href=\"https:\/\/www.degruyter.com\/view\/product\/211268\" target=\"_blank\" rel=\"noopener\">Ethics, Society, Politics<\/a><br \/>\n<img loading=\"lazy\" decoding=\"async\" class=\"alignnone size-full wp-image-1787\" src=\"http:\/\/www.alws.at\/alws\/wp-content\/uploads\/2018\/06\/2012.jpg\" alt=\"2012 Ethics, Society, Politics\" width=\"150\" height=\"227\" \/><br \/>\nProceedings of the 35th International Wittgenstein Symposium, Kirchberg am Wechsel, Austria, 2012<\/p>\n<p>&nbsp;<\/p>\n<p>J\u00e4ger, Christoph \/ L\u00f6ffler, Winfried<br \/>\n<a href=\"https:\/\/www.degruyter.com\/view\/product\/209513\" target=\"_blank\" rel=\"noopener\">Epistemology: Contexts, Values, Disagreement<\/a><br \/>\n<img loading=\"lazy\" decoding=\"async\" class=\"alignnone size-full wp-image-1786\" src=\"http:\/\/www.alws.at\/alws\/wp-content\/uploads\/2018\/06\/2011.jpg\" alt=\"2011 Epistemology: Contexts, Values, Disagreement\" width=\"150\" height=\"217\" \/><br \/>\nProceedings of the 34th International Ludwig Wittgenstein Symposium in Kirchberg, 2011<\/p>\n<p>&nbsp;<\/p>\n<p>Vo\u00df, Henrik<br \/>\n<a href=\"https:\/\/www.degruyter.com\/view\/product\/209491\" target=\"_blank\" rel=\"noopener\">Grenzen grammatischer Willk\u00fcr bei Wittgenstein<\/a><\/p>\n<p>&nbsp;<\/p>\n<p>Richard Heinrich, Elisabeth Nemeth, Wolfram Pichler, David Wagner (Eds.)<br \/>\n<a href=\"https:\/\/www.degruyter.com\/view\/product\/210451\" target=\"_blank\" rel=\"noopener\">Image and Imaging in Philosophy, Science and the Arts. Volume 2<\/a><br \/>\n<img loading=\"lazy\" decoding=\"async\" class=\"alignnone size-full wp-image-1847\" src=\"http:\/\/www.alws.at\/alws\/wp-content\/uploads\/2018\/04\/17.jpg\" alt=\"Proceedings 2010b\" width=\"68\" height=\"100\" \/><br \/>\nProceedings of the 33rd International Ludwig Wittgenstein-Symposium in Kirchberg, 2010<\/p>\n<p>&nbsp;<\/p>\n<p>Richard Heinrich, Elisabeth Nemeth, Wolfram Pichler, David Wagner (Eds.)<br \/>\n<a href=\"https:\/\/www.degruyter.com\/view\/product\/209807\" target=\"_blank\" rel=\"noopener\">Image and Imaging in Philosophy, Science and the Arts. Volume 1<\/a><br \/>\n<img loading=\"lazy\" decoding=\"async\" class=\"alignnone size-full wp-image-1846\" src=\"http:\/\/www.alws.at\/alws\/wp-content\/uploads\/2018\/04\/16.jpg\" alt=\"Proceedings 2010a\" width=\"68\" height=\"100\" \/><br \/>\nProceedings of the 33rd International Ludwig Wittgenstein-Symposium in Kirchberg, 2010<\/p>\n<p>&nbsp;<\/p>\n<p>Volker Munz \/ Klaus Puhl \/ Joseph Wang (Eds.)<br \/>\n<a href=\"https:\/\/www.degruyter.com\/view\/product\/210463\" target=\"_blank\" rel=\"noopener\">Language and World. Part Two<\/a><br \/>\n<img loading=\"lazy\" decoding=\"async\" class=\"alignnone size-full wp-image-1845\" src=\"http:\/\/www.alws.at\/alws\/wp-content\/uploads\/2018\/04\/15.jpg\" alt=\"Part Two\" width=\"67\" height=\"100\" \/><br \/>\nSigns, Minds and Actions<\/p>\n<p>&nbsp;<\/p>\n<p>Volker Munz \/ Klaus Puhl \/ Joseph Wang (Eds.)<br \/>\n<a href=\"https:\/\/www.degruyter.com\/view\/product\/209819\" target=\"_blank\" rel=\"noopener\">Language and World. Part One<\/a><br \/>\n<img loading=\"lazy\" decoding=\"async\" class=\"alignnone size-full wp-image-1844\" src=\"http:\/\/www.alws.at\/alws\/wp-content\/uploads\/2018\/04\/14.jpg\" alt=\"Part One\" width=\"68\" height=\"100\" \/><br \/>\nEssays on the Philosophy of Wittgenstein<\/p>\n<p>&nbsp;<\/p>\n<p>Elena Tatievskaya<br \/>\n<a href=\"https:\/\/www.degruyter.com\/view\/product\/209604\" target=\"_blank\" rel=\"noopener\">Wittgenstein \u00fcber das Verstehen<\/a><br \/>\n<img loading=\"lazy\" decoding=\"async\" class=\"alignnone size-full wp-image-1843\" src=\"http:\/\/www.alws.at\/alws\/wp-content\/uploads\/2018\/04\/13.jpg\" alt=\"Wittgenstein \u00fcber das Verstehen\" width=\"69\" height=\"100\" \/><\/p>\n<p>&nbsp;<\/p>\n<p>Alexander Hieke \/ Hannes Leitgeb<br \/>\n<a href=\"https:\/\/www.degruyter.com\/view\/product\/209494\" target=\"_blank\" rel=\"noopener\">Reduction<\/a><br \/>\n<img loading=\"lazy\" decoding=\"async\" class=\"alignnone size-full wp-image-1842\" src=\"http:\/\/www.alws.at\/alws\/wp-content\/uploads\/2018\/04\/12.jpg\" alt=\"Reduction\" width=\"68\" height=\"100\" \/><br \/>\nBetween the Mind and the Brain<\/p>\n<p>&nbsp;<\/p>\n<p>Alexander Hieke \/ Hannes Leitgeb (Eds.)<br \/>\n<a href=\"https:\/\/www.degruyter.com\/view\/product\/209499\" target=\"_blank\" rel=\"noopener\">Reduction \u2013 Abstraction \u2013 Analysis<\/a><br \/>\n<img loading=\"lazy\" decoding=\"async\" class=\"alignnone size-full wp-image-1841\" src=\"http:\/\/www.alws.at\/alws\/wp-content\/uploads\/2018\/04\/11.jpg\" alt=\"Reduction Abstraction Analysis\" width=\"65\" height=\"100\" \/><br \/>\nProceedings of the 31th International Ludwig Wittgenstein-Symposium in Kirchberg, 2008<\/p>\n<p>&nbsp;<\/p>\n<p>John Edelman (Ed.)<br \/>\n<a href=\"https:\/\/www.degruyter.com\/view\/product\/209489\" target=\"_blank\" rel=\"noopener\">Sense and Reality<\/a><br \/>\n<img loading=\"lazy\" decoding=\"async\" class=\"alignnone size-full wp-image-1840\" src=\"http:\/\/www.alws.at\/alws\/wp-content\/uploads\/2018\/04\/10.jpg\" alt=\"Sense and Reality\" width=\"68\" height=\"100\" \/><br \/>\nEssays out of Swansea<\/p>\n<p>&nbsp;<\/p>\n<p>Wulf Kellerwessel<br \/>\n<a href=\"https:\/\/www.degruyter.com\/view\/product\/209444\" target=\"_blank\" rel=\"noopener\">Wittgensteins Sprachphilosophie in den \u201ePhilosophischen Untersuchungen\u201c<\/a><br \/>\n<img loading=\"lazy\" decoding=\"async\" class=\"alignnone size-full wp-image-1839\" src=\"http:\/\/www.alws.at\/alws\/wp-content\/uploads\/2018\/04\/9.jpg\" alt=\"Wittgensteins Sprachphilosophie\" width=\"67\" height=\"100\" \/><br \/>\nEine kommentierende Ersteinf\u00fchrung<\/p>\n<p>&nbsp;<\/p>\n<p>Christian Kanzian \/ Volker Munz \/ Sascha Windholz (Hrsg.)<br \/>\n<a href=\"http:\/\/www.alws.at\/alws\/wp-content\/uploads\/2018\/06\/Festschrift-2007.pdf\" target=\"_blank\" rel=\"noopener\">\u201eWir hofften, jedes Jahr noch ein weiteres Symposium machen zu k\u00f6nnen\u201c<\/a><br \/>\n<img loading=\"lazy\" decoding=\"async\" class=\"alignnone size-full wp-image-1838\" src=\"http:\/\/www.alws.at\/alws\/wp-content\/uploads\/2018\/04\/SV1.jpg\" alt=\"Festschrift 2007\" width=\"68\" height=\"100\" \/><br \/>\nZum 30. Internationalen Wittgenstein Symposium in Kirchberg am Wechsel<\/p>\n<p>&nbsp;<\/p>\n<p>Jes\u00fas Padilla G\u00e1lvez (Ed.)<br \/>\n<a href=\"https:\/\/www.degruyter.com\/view\/product\/209511\" target=\"_blank\" rel=\"noopener\">Phenomenology as Grammar<\/a><br \/>\n<img loading=\"lazy\" decoding=\"async\" class=\"alignnone size-full wp-image-1837\" src=\"http:\/\/www.alws.at\/alws\/wp-content\/uploads\/2018\/04\/8.jpg\" alt=\"Phenomenology as Grammar\" width=\"66\" height=\"100\" \/><\/p>\n<p>&nbsp;<\/p>\n<p>Herbert Hrachove \/, Alois Pichler (Eds.)<br \/>\n<a href=\"https:\/\/www.degruyter.com\/view\/product\/209442\" target=\"_blank\" rel=\"noopener\">Philosophy of the Information Society<\/a><br \/>\n<img loading=\"lazy\" decoding=\"async\" class=\"alignnone size-full wp-image-1785\" src=\"http:\/\/www.alws.at\/alws\/wp-content\/uploads\/2018\/06\/2007b.jpg\" alt=\"2007 Philosophy of the information Society\" width=\"150\" height=\"215\" \/><br \/>\nProceedings of the 30th International Ludwig Wittgenstein-Symposium in Kirchberg 2007<\/p>\n<p>&nbsp;<\/p>\n<p>Alois Pichler \/ Herbert Hrachovec (Eds.)<br \/>\n<a href=\"https:\/\/www.degruyter.com\/view\/product\/209440\" target=\"_blank\" rel=\"noopener\">Wittgenstein and the Philosophy of Information<\/a><br \/>\n<img loading=\"lazy\" decoding=\"async\" class=\"alignnone size-full wp-image-1836\" src=\"http:\/\/www.alws.at\/alws\/wp-content\/uploads\/2018\/04\/6.jpg\" alt=\"Wittgenstein the philosopher and his work\" width=\"71\" height=\"100\" \/><br \/>\nProceedings of the 30th International Ludwig Wittgenstein-Symposium in Kirchberg, 2007<\/p>\n<p>&nbsp;<\/p>\n<p>Christian Kanzian \/ Muhammad Legenhausen (Eds.)<br \/>\n<img loading=\"lazy\" decoding=\"async\" class=\"alignnone size-full wp-image-1835\" src=\"http:\/\/www.alws.at\/alws\/wp-content\/uploads\/2018\/04\/5.jpg\" alt=\"Substance and Attribute\" width=\"66\" height=\"100\" \/><br \/>\n<a href=\"https:\/\/www.degruyter.com\/view\/product\/209509\" target=\"_blank\" rel=\"noopener\">Substance and Attribute<\/a><\/p>\n<p>&nbsp;<\/p>\n<p>Georg Gasser (Ed.)<br \/>\n<a href=\"https:\/\/www.degruyter.com\/view\/product\/209507\" target=\"_blank\" rel=\"noopener\">How Successful is Naturalism?<\/a><br \/>\n<img loading=\"lazy\" decoding=\"async\" class=\"alignnone size-full wp-image-1834\" src=\"http:\/\/www.alws.at\/alws\/wp-content\/uploads\/2018\/04\/4.jpg\" alt=\"How Successful is Naturalism\" width=\"66\" height=\"100\" \/><\/p>\n<p>&nbsp;<\/p>\n<p>Christian Kanzian \/ Edmund Runggaldier (Eds.)<br \/>\n<a href=\"https:\/\/www.degruyter.com\/view\/product\/209504\">Cultures. Conflict &#8211; Analysis &#8211; Dialogue<\/a><br \/>\n<img loading=\"lazy\" decoding=\"async\" class=\"alignnone size-full wp-image-1833\" src=\"http:\/\/www.alws.at\/alws\/wp-content\/uploads\/2018\/04\/3.jpg\" alt=\"Culture Conflict Analysis Dialogue\" width=\"65\" height=\"100\" \/><\/p>\n<p>&nbsp;<\/p>\n<p>Alois Pichler \/ Simo S\u00e4\u00e4tel\u00e4 (Eds.)<br \/>\n<a href=\"https:\/\/www.degruyter.com\/view\/product\/209502\" target=\"_blank\" rel=\"noopener\">Wittgenstein : The Philosopher and his Works<\/a><br \/>\n<img loading=\"lazy\" decoding=\"async\" class=\"alignnone wp-image-1832 size-full\" src=\"http:\/\/www.alws.at\/alws\/wp-content\/uploads\/2018\/06\/2.jpg\" alt=\"Wittgenstein : The Philosopher and his Works\" width=\"71\" height=\"100\" \/><br \/>\nProceedings of the 29th International Ludwig Wittgenstein-Symposium in Kirchberg, Austria 2006.<\/p>\n<p>&nbsp;<\/p>\n<p>Friedrich Stadler \/ Michael St\u00f6ltzner (Eds.)<br \/>\n<a href=\"https:\/\/www.degruyter.com\/view\/product\/210913\" target=\"_blank\" rel=\"noopener\">Time and History<\/a><\/p>\n<p><img loading=\"lazy\" decoding=\"async\" class=\"alignnone wp-image-1784 size-full\" src=\"http:\/\/www.alws.at\/alws\/wp-content\/uploads\/2018\/06\/2005.jpg\" alt=\"2005 Time and History Cover\" width=\"150\" height=\"217\" \/><br \/>\nProceedings of the 28. International Ludwig Wittgenstein Symposium, Kirchberg am Wechsel, Austria 2005<\/p>\n<p>&nbsp;<\/p>\n<p>Alle Produkte sind \u00fcber das Gesellschaftsb\u00fcro in Kirchberg erh\u00e4ltlich.<br \/>\nBeim Interesse wenden Sie sich bitte an:<\/p>\n<p>Mag. Margret Kronaus<br \/>\nMarkt 63<br \/>\nA-2880 Kirchberg am Wechsel<br \/>\nAustria, Europe<br \/>\nTel.\/Fax: +43\/2641\/2557<br \/>\nE-mail:\u00a0<a href=\"mailto:alws@aon.at\">alws@aon.at<\/a><\/p>\n","protected":false},"excerpt":{"rendered":"<p>Esther Heinrich-Ramharter \/ Alois Pichler \/ Friedrich Stadler 100 Years of \u203aTractatus Logico-Philosophicus\u2039 \u2013 70 Years after Wittgenstein\u2019s Death Proceedings of the 44th International Wittgenstein Symposium in Kirchberg &nbsp; Herbert Hrachovec \/ Jakub M\u00e1cha Platonism Proceedings of the 43rd International Wittgenstein Symposium in Kirchberg &nbsp; Anne Siegetsleitner \/ Andreas Oberprantacher \/ Marie-Luisa Frick \/ Ulrich [&hellip;]<\/p>\n","protected":false},"author":1,"featured_media":0,"comment_status":"open","ping_status":"open","sticky":false,"template":"","format":"standard","meta":{"footnotes":""},"categories":[28],"tags":[],"class_list":["post-311","post","type-post","status-publish","format-standard","hentry","category-publikationen"],"_links":{"self":[{"href":"https:\/\/www.alws.at\/de\/wp-json\/wp\/v2\/posts\/311","targetHints":{"allow":["GET"]}}],"collection":[{"href":"https:\/\/www.alws.at\/de\/wp-json\/wp\/v2\/posts"}],"about":[{"href":"https:\/\/www.alws.at\/de\/wp-json\/wp\/v2\/types\/post"}],"author":[{"embeddable":true,"href":"https:\/\/www.alws.at\/de\/wp-json\/wp\/v2\/users\/1"}],"replies":[{"embeddable":true,"href":"https:\/\/www.alws.at\/de\/wp-json\/wp\/v2\/comments?post=311"}],"version-history":[{"count":9,"href":"https:\/\/www.alws.at\/de\/wp-json\/wp\/v2\/posts\/311\/revisions"}],"predecessor-version":[{"id":3646,"href":"https:\/\/www.alws.at\/de\/wp-json\/wp\/v2\/posts\/311\/revisions\/3646"}],"wp:attachment":[{"href":"https:\/\/www.alws.at\/de\/wp-json\/wp\/v2\/media?parent=311"}],"wp:term":[{"taxonomy":"category","embeddable":true,"href":"https:\/\/www.alws.at\/de\/wp-json\/wp\/v2\/categories?post=311"},{"taxonomy":"post_tag","embeddable":true,"href":"https:\/\/www.alws.at\/de\/wp-json\/wp\/v2\/tags?post=311"}],"curies":[{"name":"wp","href":"https:\/\/api.w.org\/{rel}","templated":true}]}}